{"id":267,"date":"2024-02-08T11:44:57","date_gmt":"2024-02-08T10:44:57","guid":{"rendered":"https:\/\/domaine-de-bel-air.com\/?p=267"},"modified":"2024-04-27T13:35:22","modified_gmt":"2024-04-27T11:35:22","slug":"les-resultats-du-concours-de-vins-2024-de-la-saint-vincent-de-villiers-sur-yonne","status":"publish","type":"post","link":"https:\/\/domaine-de-bel-air.com\/index.php\/2024\/02\/08\/les-resultats-du-concours-de-vins-2024-de-la-saint-vincent-de-villiers-sur-yonne\/","title":{"rendered":"Bel-Air se distingue au concours de vins 2024 de la Saint-Vincent de Villiers-sur-Yonne"},"content":{"rendered":"\n<p>La Saint-Vincent de Villiers-sur-Yonne, a \u00e9t\u00e9 organis\u00e9e dimanche 4 f\u00e9vrier par la confr\u00e9rie f\u00e9minine des Suceux d\u2019Cannelles. D\u00e9gustation de chardonnay et melon de Bel-Air \u00e9taient propos\u00e9s. Dans une sympatique ambiance, le cort\u00e8ge a fait le tour du pays accompagn\u00e9 par la cornemuse, l\u2019accord\u00e9on et le violon. Puis les r\u00e9sultats du concours des vins issus de la r\u00e9colte 2022 ont \u00e9t\u00e9 proclam\u00e9s.<\/p>\n\n\n\n<div class=\"wp-block-media-text is-stacked-on-mobile\" style=\"grid-template-columns:38% auto\"><figure class=\"wp-block-media-text__media\"><img loading=\"lazy\" decoding=\"async\" width=\"657\" height=\"438\" src=\"https:\/\/domaine-de-bel-air.com\/wp-content\/uploads\/2024\/04\/2000006715257.webp\" alt=\"\" class=\"wp-image-289 size-full\" srcset=\"https:\/\/domaine-de-bel-air.com\/wp-content\/uploads\/2024\/04\/2000006715257.webp 657w, https:\/\/domaine-de-bel-air.com\/wp-content\/uploads\/2024\/04\/2000006715257-300x200.webp 300w\" sizes=\"auto, (max-width: 657px) 100vw, 657px\" \/><\/figure><div class=\"wp-block-media-text__content\">\n<p>Romain s\u2019est particuli\u00e8rement distingu\u00e9, remportant trois prix.<\/p>\n\n\n\n<ul class=\"wp-block-list\">\n<li>Pinot (vin rouge) : Romain Desbrosses.<\/li>\n\n\n\n<li>Melon (vin blanc) : Romain Desbrosses.<\/li>\n\n\n\n<li>Chardonnay (blanc) : Romain Desbrosses.<\/li>\n<\/ul>\n\n\n\n<p><a href=\"https:\/\/www.lejdc.fr\/villiers-sur-yonne-58500\/loisirs\/les-resultats-du-concours-de-vins-2024-de-la-saint-vincent-de-villiers-sur-yonne_14447844\/\">https:\/\/www.lejdc.fr\/villiers-sur-yonne-58500\/loisirs\/les-resultats-du-concours-de-vins-2024-de-la-saint-vincent-de-villiers-sur-yonne_14447844\/<\/a><\/p>\n<\/div><\/div>\n","protected":false},"excerpt":{"rendered":"<p>La Saint-Vincent de Villiers-sur-Yonne, a \u00e9t\u00e9 organis\u00e9e dimanche 4 f\u00e9vrier par la confr\u00e9rie f\u00e9minine des Suceux d\u2019Cannelles. D\u00e9gustation de chardonnay et melon de Bel-Air \u00e9taient propos\u00e9s. Dans une sympatique ambiance, le cort\u00e8ge a fait le tour du pays accompagn\u00e9 par la cornemuse, l\u2019accord\u00e9on et le violon. Puis les r\u00e9sultats du concours des vins issus de [&hellip;]<\/p>\n","protected":false},"author":1,"featured_media":288,"comment_status":"open","ping_status":"open","sticky":false,"template":"","format":"standard","meta":{"footnotes":""},"categories":[5],"tags":[9,17,16],"class_list":["post-267","post","type-post","status-publish","format-standard","has-post-thumbnail","hentry","category-presse","tag-concours","tag-romain-desbrosses","tag-saint-vincent"],"_links":{"self":[{"href":"https:\/\/domaine-de-bel-air.com\/index.php\/wp-json\/wp\/v2\/posts\/267","targetHints":{"allow":["GET"]}}],"collection":[{"href":"https:\/\/domaine-de-bel-air.com\/index.php\/wp-json\/wp\/v2\/posts"}],"about":[{"href":"https:\/\/domaine-de-bel-air.com\/index.php\/wp-json\/wp\/v2\/types\/post"}],"author":[{"embeddable":true,"href":"https:\/\/domaine-de-bel-air.com\/index.php\/wp-json\/wp\/v2\/users\/1"}],"replies":[{"embeddable":true,"href":"https:\/\/domaine-de-bel-air.com\/index.php\/wp-json\/wp\/v2\/comments?post=267"}],"version-history":[{"count":4,"href":"https:\/\/domaine-de-bel-air.com\/index.php\/wp-json\/wp\/v2\/posts\/267\/revisions"}],"predecessor-version":[{"id":293,"href":"https:\/\/domaine-de-bel-air.com\/index.php\/wp-json\/wp\/v2\/posts\/267\/revisions\/293"}],"wp:featuredmedia":[{"embeddable":true,"href":"https:\/\/domaine-de-bel-air.com\/index.php\/wp-json\/wp\/v2\/media\/288"}],"wp:attachment":[{"href":"https:\/\/domaine-de-bel-air.com\/index.php\/wp-json\/wp\/v2\/media?parent=267"}],"wp:term":[{"taxonomy":"category","embeddable":true,"href":"https:\/\/domaine-de-bel-air.com\/index.php\/wp-json\/wp\/v2\/categories?post=267"},{"taxonomy":"post_tag","embeddable":true,"href":"https:\/\/domaine-de-bel-air.com\/index.php\/wp-json\/wp\/v2\/tags?post=267"}],"curies":[{"name":"wp","href":"https:\/\/api.w.org\/{rel}","templated":true}]}}